{"id":1670,"date":"2024-02-14T10:29:12","date_gmt":"2024-02-14T09:29:12","guid":{"rendered":"https:\/\/xn--gdfosant33-i7a.fr\/?p=1670"},"modified":"2024-03-08T14:27:33","modified_gmt":"2024-03-08T13:27:33","slug":"pas-de-remuneration-au-merite","status":"publish","type":"post","link":"https:\/\/xn--gdfosant33-i7a.fr\/index.php\/2024\/02\/14\/pas-de-remuneration-au-merite\/","title":{"rendered":"Pas de r\u00e9mun\u00e9ration au m\u00e9rite !"},"content":{"rendered":"\n<figure class=\"wp-block-image size-full\"><img loading=\"lazy\" decoding=\"async\" width=\"400\" height=\"55\" src=\"https:\/\/xn--gdfosant33-i7a.fr\/wp-content\/uploads\/2023\/11\/FO-long-1.png\" alt=\"\" class=\"wp-image-1635\" srcset=\"https:\/\/xn--gdfosant33-i7a.fr\/wp-content\/uploads\/2023\/11\/FO-long-1.png 400w, https:\/\/xn--gdfosant33-i7a.fr\/wp-content\/uploads\/2023\/11\/FO-long-1-300x41.png 300w\" sizes=\"(max-width: 400px) 100vw, 400px\" \/><\/figure>\n\n\n\n<p>Stanislas Gu\u00e9rini a re\u00e7u FO Fonction Publique, suite \u00e0 sa nomination en tant que ministre de la Transformation et de la Fonction Publique.<\/p>\n\n\n\n<p class=\"has-text-align-center\">La revalorisation du point d&rsquo;indice en 2024 est une revendication que Force Ouvri\u00e8re ne l\u00e2chera pas.<br>En effet, elle doit permettre de compenser l&rsquo;inflation qui vous fait perdre du pouvoir d&rsquo;achat<br>(<em>pour rappel, indice X valeur du point d&rsquo;indice 4,92\u20ac = votre traitement de base, hors primes<\/em>)<\/p>\n\n\n\n<p>Nous revendiquons :<\/p>\n\n\n\n<p class=\"has-text-align-center\"><strong>Une seule valeur du point d&rsquo;indice <\/strong>pour TOUTE la fonction publique<br><strong>Le maintien des corps, cadres d&#8217;emploi et grade<\/strong> au sein de cat\u00e9gories statutaires<br>Une parit\u00e9 indiciaire (<strong>\u00e0 dipl\u00f4me \u00e9gal &#8211; grille \u00e9quivalente<\/strong>)<\/p>\n\n\n\n<p>Apportez votre soutien \u00e0 vos syndicats locaux, l&rsquo;Union fait notre force !<\/p>\n","protected":false},"excerpt":{"rendered":"<p>Stanislas Gu\u00e9rini a re\u00e7u FO Fonction Publique, suite \u00e0 sa nomination en tant que ministre de la Transformation et de la Fonction Publique. La revalorisation du point d&rsquo;indice en 2024 est une revendication que Force Ouvri\u00e8re ne l\u00e2chera pas.En effet, elle doit permettre de compenser l&rsquo;inflation qui vous fait perdre du pouvoir d&rsquo;achat(pour rappel, indice &hellip; <\/p>\n<p><a class=\"more-link btn\" href=\"https:\/\/xn--gdfosant33-i7a.fr\/index.php\/2024\/02\/14\/pas-de-remuneration-au-merite\/\">Lire la suite<\/a><\/p>\n","protected":false},"author":3,"featured_media":1635,"comment_status":"closed","ping_status":"closed","sticky":false,"template":"","format":"standard","meta":{"ngg_post_thumbnail":0,"footnotes":""},"categories":[1],"tags":[],"_links":{"self":[{"href":"https:\/\/xn--gdfosant33-i7a.fr\/index.php\/wp-json\/wp\/v2\/posts\/1670"}],"collection":[{"href":"https:\/\/xn--gdfosant33-i7a.fr\/index.php\/wp-json\/wp\/v2\/posts"}],"about":[{"href":"https:\/\/xn--gdfosant33-i7a.fr\/index.php\/wp-json\/wp\/v2\/types\/post"}],"author":[{"embeddable":true,"href":"https:\/\/xn--gdfosant33-i7a.fr\/index.php\/wp-json\/wp\/v2\/users\/3"}],"replies":[{"embeddable":true,"href":"https:\/\/xn--gdfosant33-i7a.fr\/index.php\/wp-json\/wp\/v2\/comments?post=1670"}],"version-history":[{"count":1,"href":"https:\/\/xn--gdfosant33-i7a.fr\/index.php\/wp-json\/wp\/v2\/posts\/1670\/revisions"}],"predecessor-version":[{"id":1671,"href":"https:\/\/xn--gdfosant33-i7a.fr\/index.php\/wp-json\/wp\/v2\/posts\/1670\/revisions\/1671"}],"wp:featuredmedia":[{"embeddable":true,"href":"https:\/\/xn--gdfosant33-i7a.fr\/index.php\/wp-json\/wp\/v2\/media\/1635"}],"wp:attachment":[{"href":"https:\/\/xn--gdfosant33-i7a.fr\/index.php\/wp-json\/wp\/v2\/media?parent=1670"}],"wp:term":[{"taxonomy":"category","embeddable":true,"href":"https:\/\/xn--gdfosant33-i7a.fr\/index.php\/wp-json\/wp\/v2\/categories?post=1670"},{"taxonomy":"post_tag","embeddable":true,"href":"https:\/\/xn--gdfosant33-i7a.fr\/index.php\/wp-json\/wp\/v2\/tags?post=1670"}],"curies":[{"name":"wp","href":"https:\/\/api.w.org\/{rel}","templated":true}]}}