{"id":1387,"date":"2022-01-18T21:34:58","date_gmt":"2022-01-18T20:34:58","guid":{"rendered":"http:\/\/xn--gdfosant33-i7a.fr\/?p=1387"},"modified":"2024-03-08T14:27:33","modified_gmt":"2024-03-08T13:27:33","slug":"manifestation-du-18-janvier-2022-au-cdef","status":"publish","type":"post","link":"https:\/\/xn--gdfosant33-i7a.fr\/index.php\/2022\/01\/18\/manifestation-du-18-janvier-2022-au-cdef\/","title":{"rendered":"Manifestation du 18 janvier 2022 au CDEF"},"content":{"rendered":"\n<p class=\"has-drop-cap\">Au Centre D\u00e9partemental de l&rsquo;enfance et de la famille (CDEF) d&rsquo;Eysines, les agents ont rejoint Force Ouvri\u00e8re pour d\u00e9noncer la rupture des engagements du gouvernement d&rsquo;\u00e9tendre les mesures du S\u00e9gur de la Sant\u00e9 aux personnels du milieu Social et M\u00e9dico-social.<\/p>\n\n\n\n<div class=\"wp-block-media-text alignwide is-stacked-on-mobile\"><figure class=\"wp-block-media-text__media\"><img loading=\"lazy\" decoding=\"async\" width=\"1024\" height=\"576\" src=\"https:\/\/xn--gdfosant33-i7a.fr\/wp-content\/uploads\/2022\/01\/WhatsApp-Image-2022-01-18-at-12.32.30-1024x576.jpeg\" alt=\"\" class=\"wp-image-1388 size-full\" srcset=\"https:\/\/xn--gdfosant33-i7a.fr\/wp-content\/uploads\/2022\/01\/WhatsApp-Image-2022-01-18-at-12.32.30-1024x576.jpeg 1024w, https:\/\/xn--gdfosant33-i7a.fr\/wp-content\/uploads\/2022\/01\/WhatsApp-Image-2022-01-18-at-12.32.30-300x169.jpeg 300w, https:\/\/xn--gdfosant33-i7a.fr\/wp-content\/uploads\/2022\/01\/WhatsApp-Image-2022-01-18-at-12.32.30-768x432.jpeg 768w, https:\/\/xn--gdfosant33-i7a.fr\/wp-content\/uploads\/2022\/01\/WhatsApp-Image-2022-01-18-at-12.32.30-1536x864.jpeg 1536w, https:\/\/xn--gdfosant33-i7a.fr\/wp-content\/uploads\/2022\/01\/WhatsApp-Image-2022-01-18-at-12.32.30-1200x675.jpeg 1200w, https:\/\/xn--gdfosant33-i7a.fr\/wp-content\/uploads\/2022\/01\/WhatsApp-Image-2022-01-18-at-12.32.30-1980x1114.jpeg 1980w, https:\/\/xn--gdfosant33-i7a.fr\/wp-content\/uploads\/2022\/01\/WhatsApp-Image-2022-01-18-at-12.32.30.jpeg 2016w\" sizes=\"(max-width: 1024px) 100vw, 1024px\" \/><\/figure><div class=\"wp-block-media-text__content\">\n<p class=\"has-large-font-size\"><a href=\"https:\/\/www.la-croix.com\/France\/Au-Segur-sante-hausses-remunerations-chantiers-encore-suspens-2020-07-13-1201104782\">La demande des personnels est de b\u00e9n\u00e9ficier eux aussi du compl\u00e9ment de traitement indiciaire de 183 \u20ac net par mois<\/a>\u00a0qui avait \u00e9t\u00e9 octroy\u00e9e lors du S\u00e9gur de la sant\u00e9 aux personnels des h\u00f4pitaux et \u00e9tendues \u00e0 d\u2019autres secteurs, afin de prendre en compte leur investissement durant la pand\u00e9mie.<br>En novembre dernier, le premier ministre Jean Castex avait annonc\u00e9 qu\u2019une\u00a0<em>\u00ab conf\u00e9rence des m\u00e9tiers de l\u2019accompagnement social et m\u00e9dico-social \u00bb<\/em>\u00a0serait organis\u00e9e avant le 15 janvier, promesse \u00e0 ce jour non tenue !<\/p>\n<\/div><\/div>\n","protected":false},"excerpt":{"rendered":"<p>Au Centre D\u00e9partemental de l&rsquo;enfance et de la famille (CDEF) d&rsquo;Eysines, les agents ont rejoint Force Ouvri\u00e8re pour d\u00e9noncer la rupture des engagements du gouvernement d&rsquo;\u00e9tendre les mesures du S\u00e9gur de la Sant\u00e9 aux personnels du milieu Social et M\u00e9dico-social. La demande des personnels est de b\u00e9n\u00e9ficier eux aussi du compl\u00e9ment de traitement indiciaire de &hellip; <\/p>\n<p><a class=\"more-link btn\" href=\"https:\/\/xn--gdfosant33-i7a.fr\/index.php\/2022\/01\/18\/manifestation-du-18-janvier-2022-au-cdef\/\">Lire la suite<\/a><\/p>\n","protected":false},"author":3,"featured_media":1388,"comment_status":"closed","ping_status":"closed","sticky":false,"template":"","format":"standard","meta":{"ngg_post_thumbnail":0,"footnotes":""},"categories":[27,1,6,37,8],"tags":[],"_links":{"self":[{"href":"https:\/\/xn--gdfosant33-i7a.fr\/index.php\/wp-json\/wp\/v2\/posts\/1387"}],"collection":[{"href":"https:\/\/xn--gdfosant33-i7a.fr\/index.php\/wp-json\/wp\/v2\/posts"}],"about":[{"href":"https:\/\/xn--gdfosant33-i7a.fr\/index.php\/wp-json\/wp\/v2\/types\/post"}],"author":[{"embeddable":true,"href":"https:\/\/xn--gdfosant33-i7a.fr\/index.php\/wp-json\/wp\/v2\/users\/3"}],"replies":[{"embeddable":true,"href":"https:\/\/xn--gdfosant33-i7a.fr\/index.php\/wp-json\/wp\/v2\/comments?post=1387"}],"version-history":[{"count":1,"href":"https:\/\/xn--gdfosant33-i7a.fr\/index.php\/wp-json\/wp\/v2\/posts\/1387\/revisions"}],"predecessor-version":[{"id":1389,"href":"https:\/\/xn--gdfosant33-i7a.fr\/index.php\/wp-json\/wp\/v2\/posts\/1387\/revisions\/1389"}],"wp:featuredmedia":[{"embeddable":true,"href":"https:\/\/xn--gdfosant33-i7a.fr\/index.php\/wp-json\/wp\/v2\/media\/1388"}],"wp:attachment":[{"href":"https:\/\/xn--gdfosant33-i7a.fr\/index.php\/wp-json\/wp\/v2\/media?parent=1387"}],"wp:term":[{"taxonomy":"category","embeddable":true,"href":"https:\/\/xn--gdfosant33-i7a.fr\/index.php\/wp-json\/wp\/v2\/categories?post=1387"},{"taxonomy":"post_tag","embeddable":true,"href":"https:\/\/xn--gdfosant33-i7a.fr\/index.php\/wp-json\/wp\/v2\/tags?post=1387"}],"curies":[{"name":"wp","href":"https:\/\/api.w.org\/{rel}","templated":true}]}}