{"id":1275,"date":"2021-10-14T15:58:14","date_gmt":"2021-10-14T13:58:14","guid":{"rendered":"http:\/\/xn--gdfosant33-i7a.fr\/?p=1275"},"modified":"2024-03-08T14:27:33","modified_gmt":"2024-03-08T13:27:33","slug":"greve-des-ambulanciers-le-30-novembre-2021","status":"publish","type":"post","link":"https:\/\/xn--gdfosant33-i7a.fr\/index.php\/2021\/10\/14\/greve-des-ambulanciers-le-30-novembre-2021\/","title":{"rendered":"Gr\u00e8ve des ambulanciers le 30 novembre 2021"},"content":{"rendered":"\n<p><\/p>\n\n\n\n<div class=\"wp-block-media-text alignwide is-stacked-on-mobile\"><figure class=\"wp-block-media-text__media\"><img loading=\"lazy\" decoding=\"async\" width=\"595\" height=\"841\" src=\"https:\/\/xn--gdfosant33-i7a.fr\/wp-content\/uploads\/2021\/10\/Tract-ambulanciers-30-nov-2021-pdf-image.jpg\" alt=\"\" class=\"wp-image-1277 size-full\" srcset=\"https:\/\/xn--gdfosant33-i7a.fr\/wp-content\/uploads\/2021\/10\/Tract-ambulanciers-30-nov-2021-pdf-image.jpg 595w, https:\/\/xn--gdfosant33-i7a.fr\/wp-content\/uploads\/2021\/10\/Tract-ambulanciers-30-nov-2021-pdf-image-212x300.jpg 212w\" sizes=\"(max-width: 595px) 100vw, 595px\" \/><\/figure><div class=\"wp-block-media-text__content\">\n<p class=\"has-large-font-size\">Ce matin devant l&rsquo;ARS Nouvelle Aquitaine nous \u00e9tions environ 60 venus des \u00e9tablissements Girondins \u00e0 l&rsquo;unique appel de FO (la majeure partie des effectifs d&rsquo;ambulanciers&nbsp;hospitaliers de Gironde).&nbsp;<br>Merci \u00e0 tous les syndicats qui ont contribu\u00e9 \u00e0 la r\u00e9ussite de cette action nationale organis\u00e9e par le GD 33.<br>Vous pourrez apercevoir sur les photos jointes qu&rsquo;un journaliste a couvert l&rsquo;\u00e9v\u00e9nement ; le reportage sera diffus\u00e9 ce soir sur TV7.<br>A nous de pr\u00e9parer la suite lors de la conf\u00e9rence du 1er f\u00e9vrier au si\u00e8ge de la Conf\u00e9d\u00e9ration.<\/p>\n\n\n\n<a href=\"https:\/\/www.sudouest.fr\/gironde\/langon\/sud-gironde-les-ambulanciers-hospitaliers-seront-en-greve-mardi-30-novembre-7144151.php?fbclid=IwAR3xle-nMD-BZNrlk_7wpDw77YnMQyg9eObrikIKQBHg8cECvmL69h_pbYY\">L&rsquo;article de Sud ouest qui en parle<\/a>\n<\/div><\/div>\n\n\n\n\n<div class=\"ngg-galleryoverview ngg-slideshow\"\n\tid=\"ngg-slideshow-65425033fbdb62500e7c193f918fe65b-7544024660\"\n\tdata-gallery-id=\"65425033fbdb62500e7c193f918fe65b\"\n\tstyle=\"max-width: 600px;\n\t\t\tmax-height: 400px;\n\t\t\tdisplay: none;\">\n\n\t\n\t\t<a href=\"https:\/\/xn--gdfosant33-i7a.fr\/wp-content\/gallery\/greve-ambulancier-novembre-2021\/Greve-Ambulanciers-3.jpg\"\n\t\t\ttitle=\"\"\n\t\t\tdata-src=\"https:\/\/xn--gdfosant33-i7a.fr\/wp-content\/gallery\/greve-ambulancier-novembre-2021\/Greve-Ambulanciers-3.jpg\"\n\t\t\tdata-thumbnail=\"https:\/\/xn--gdfosant33-i7a.fr\/wp-content\/gallery\/greve-ambulancier-novembre-2021\/thumbs\/thumbs_Greve-Ambulanciers-3.jpg\"\n\t\t\tdata-image-id=\"82\"\n\t\t\tdata-title=\"Greve-Ambulanciers-3\"\n\t\t\tdata-description=\"\"\n\t\t\tclass=\"ngg-fancybox\" rel=\"65425033fbdb62500e7c193f918fe65b\">\n\n\t\t\t<img data-image-id='82'\n\t\t\t\ttitle=\"\"\n\t\t\t\talt=\"Greve-Ambulanciers-3\"\n\t\t\t\tsrc=\"https:\/\/xn--gdfosant33-i7a.fr\/wp-content\/gallery\/greve-ambulancier-novembre-2021\/Greve-Ambulanciers-3.jpg\"\n\t\t\t\tstyle=\"max-height: 380px;\"\/>\n\t\t<\/a>\n\n\t\t\n\t\t<a href=\"https:\/\/xn--gdfosant33-i7a.fr\/wp-content\/gallery\/greve-ambulancier-novembre-2021\/Greve-Ambulanciers-1.jpg\"\n\t\t\ttitle=\"\"\n\t\t\tdata-src=\"https:\/\/xn--gdfosant33-i7a.fr\/wp-content\/gallery\/greve-ambulancier-novembre-2021\/Greve-Ambulanciers-1.jpg\"\n\t\t\tdata-thumbnail=\"https:\/\/xn--gdfosant33-i7a.fr\/wp-content\/gallery\/greve-ambulancier-novembre-2021\/thumbs\/thumbs_Greve-Ambulanciers-1.jpg\"\n\t\t\tdata-image-id=\"83\"\n\t\t\tdata-title=\"Greve-Ambulanciers-1\"\n\t\t\tdata-description=\"\"\n\t\t\tclass=\"ngg-fancybox\" rel=\"65425033fbdb62500e7c193f918fe65b\">\n\n\t\t\t<img data-image-id='83'\n\t\t\t\ttitle=\"\"\n\t\t\t\talt=\"Greve-Ambulanciers-1\"\n\t\t\t\tsrc=\"https:\/\/xn--gdfosant33-i7a.fr\/wp-content\/gallery\/greve-ambulancier-novembre-2021\/Greve-Ambulanciers-1.jpg\"\n\t\t\t\tstyle=\"max-height: 380px;\"\/>\n\t\t<\/a>\n\n\t\t\n\t\t<a href=\"https:\/\/xn--gdfosant33-i7a.fr\/wp-content\/gallery\/greve-ambulancier-novembre-2021\/Greve-Ambulanciers-2.jpg\"\n\t\t\ttitle=\"\"\n\t\t\tdata-src=\"https:\/\/xn--gdfosant33-i7a.fr\/wp-content\/gallery\/greve-ambulancier-novembre-2021\/Greve-Ambulanciers-2.jpg\"\n\t\t\tdata-thumbnail=\"https:\/\/xn--gdfosant33-i7a.fr\/wp-content\/gallery\/greve-ambulancier-novembre-2021\/thumbs\/thumbs_Greve-Ambulanciers-2.jpg\"\n\t\t\tdata-image-id=\"84\"\n\t\t\tdata-title=\"Greve-Ambulanciers-2\"\n\t\t\tdata-description=\"\"\n\t\t\tclass=\"ngg-fancybox\" rel=\"65425033fbdb62500e7c193f918fe65b\">\n\n\t\t\t<img data-image-id='84'\n\t\t\t\ttitle=\"\"\n\t\t\t\talt=\"Greve-Ambulanciers-2\"\n\t\t\t\tsrc=\"https:\/\/xn--gdfosant33-i7a.fr\/wp-content\/gallery\/greve-ambulancier-novembre-2021\/Greve-Ambulanciers-2.jpg\"\n\t\t\t\tstyle=\"max-height: 380px;\"\/>\n\t\t<\/a>\n\n\t\t\n\t\t<a href=\"https:\/\/xn--gdfosant33-i7a.fr\/wp-content\/gallery\/greve-ambulancier-novembre-2021\/Greve-Ambulanciers-4.jpg\"\n\t\t\ttitle=\"\"\n\t\t\tdata-src=\"https:\/\/xn--gdfosant33-i7a.fr\/wp-content\/gallery\/greve-ambulancier-novembre-2021\/Greve-Ambulanciers-4.jpg\"\n\t\t\tdata-thumbnail=\"https:\/\/xn--gdfosant33-i7a.fr\/wp-content\/gallery\/greve-ambulancier-novembre-2021\/thumbs\/thumbs_Greve-Ambulanciers-4.jpg\"\n\t\t\tdata-image-id=\"85\"\n\t\t\tdata-title=\"Greve-Ambulanciers-4\"\n\t\t\tdata-description=\"\"\n\t\t\tclass=\"ngg-fancybox\" rel=\"65425033fbdb62500e7c193f918fe65b\">\n\n\t\t\t<img data-image-id='85'\n\t\t\t\ttitle=\"\"\n\t\t\t\talt=\"Greve-Ambulanciers-4\"\n\t\t\t\tsrc=\"https:\/\/xn--gdfosant33-i7a.fr\/wp-content\/gallery\/greve-ambulancier-novembre-2021\/Greve-Ambulanciers-4.jpg\"\n\t\t\t\tstyle=\"max-height: 380px;\"\/>\n\t\t<\/a>\n\n\t\t<\/div>\n\n\t\t<!-- Thumbnails Link -->\n\t<div class=\"slideshowlink\" style=\"max-width: 600px;\">\n\t\t<a href='https:\/\/xn--gdfosant33-i7a.fr\/index.php\/2021\/10\/14\/greve-des-ambulanciers-le-30-novembre-2021\/nggallery\/thumbnails'>[Montrer sous forme de vignettes]<\/a>\n\t<\/div>\n\n\n\n\n\n<div class=\"wp-block-group is-layout-flow wp-block-group-is-layout-flow\"><div class=\"wp-block-group__inner-container\"><\/div><\/div>\n\n\n\n<figure class=\"wp-block-image size-large is-style-default\"><img loading=\"lazy\" decoding=\"async\" width=\"1024\" height=\"248\" src=\"https:\/\/xn--gdfosant33-i7a.fr\/wp-content\/uploads\/2021\/09\/fo-site2-1024x248.png\" alt=\"\" class=\"wp-image-47\" srcset=\"https:\/\/xn--gdfosant33-i7a.fr\/wp-content\/uploads\/2021\/09\/fo-site2-1024x248.png 1024w, https:\/\/xn--gdfosant33-i7a.fr\/wp-content\/uploads\/2021\/09\/fo-site2-300x73.png 300w, https:\/\/xn--gdfosant33-i7a.fr\/wp-content\/uploads\/2021\/09\/fo-site2-768x186.png 768w, https:\/\/xn--gdfosant33-i7a.fr\/wp-content\/uploads\/2021\/09\/fo-site2-1536x372.png 1536w, https:\/\/xn--gdfosant33-i7a.fr\/wp-content\/uploads\/2021\/09\/fo-site2-2048x496.png 2048w\" sizes=\"(max-width: 1024px) 100vw, 1024px\" \/><\/figure>\n\n\n\n<ul class=\"wp-block-social-links is-layout-flex wp-block-social-links-is-layout-flex\"><\/ul>\n","protected":false},"excerpt":{"rendered":"<p>Ce matin devant l&rsquo;ARS Nouvelle Aquitaine nous \u00e9tions environ 60 venus des \u00e9tablissements Girondins \u00e0 l&rsquo;unique appel de FO (la majeure partie des effectifs d&rsquo;ambulanciers&nbsp;hospitaliers de Gironde).&nbsp;Merci \u00e0 tous les syndicats qui ont contribu\u00e9 \u00e0 la r\u00e9ussite de cette action nationale organis\u00e9e par le GD 33.Vous pourrez apercevoir sur les photos jointes qu&rsquo;un journaliste a &hellip; <\/p>\n<p><a class=\"more-link btn\" href=\"https:\/\/xn--gdfosant33-i7a.fr\/index.php\/2021\/10\/14\/greve-des-ambulanciers-le-30-novembre-2021\/\">Lire la suite<\/a><\/p>\n","protected":false},"author":3,"featured_media":1320,"comment_status":"closed","ping_status":"closed","sticky":false,"template":"","format":"standard","meta":{"ngg_post_thumbnail":0,"footnotes":""},"categories":[1],"tags":[],"_links":{"self":[{"href":"https:\/\/xn--gdfosant33-i7a.fr\/index.php\/wp-json\/wp\/v2\/posts\/1275"}],"collection":[{"href":"https:\/\/xn--gdfosant33-i7a.fr\/index.php\/wp-json\/wp\/v2\/posts"}],"about":[{"href":"https:\/\/xn--gdfosant33-i7a.fr\/index.php\/wp-json\/wp\/v2\/types\/post"}],"author":[{"embeddable":true,"href":"https:\/\/xn--gdfosant33-i7a.fr\/index.php\/wp-json\/wp\/v2\/users\/3"}],"replies":[{"embeddable":true,"href":"https:\/\/xn--gdfosant33-i7a.fr\/index.php\/wp-json\/wp\/v2\/comments?post=1275"}],"version-history":[{"count":10,"href":"https:\/\/xn--gdfosant33-i7a.fr\/index.php\/wp-json\/wp\/v2\/posts\/1275\/revisions"}],"predecessor-version":[{"id":1321,"href":"https:\/\/xn--gdfosant33-i7a.fr\/index.php\/wp-json\/wp\/v2\/posts\/1275\/revisions\/1321"}],"wp:featuredmedia":[{"embeddable":true,"href":"https:\/\/xn--gdfosant33-i7a.fr\/index.php\/wp-json\/wp\/v2\/media\/1320"}],"wp:attachment":[{"href":"https:\/\/xn--gdfosant33-i7a.fr\/index.php\/wp-json\/wp\/v2\/media?parent=1275"}],"wp:term":[{"taxonomy":"category","embeddable":true,"href":"https:\/\/xn--gdfosant33-i7a.fr\/index.php\/wp-json\/wp\/v2\/categories?post=1275"},{"taxonomy":"post_tag","embeddable":true,"href":"https:\/\/xn--gdfosant33-i7a.fr\/index.php\/wp-json\/wp\/v2\/tags?post=1275"}],"curies":[{"name":"wp","href":"https:\/\/api.w.org\/{rel}","templated":true}]}}