{"id":1149,"date":"2021-09-09T11:23:29","date_gmt":"2021-09-09T09:23:29","guid":{"rendered":"http:\/\/test.xn--gdfosant33-i7a.fr\/?p=1"},"modified":"2024-03-08T14:27:33","modified_gmt":"2024-03-08T13:27:33","slug":"bonjour-tout-le-monde-2","status":"publish","type":"post","link":"https:\/\/xn--gdfosant33-i7a.fr\/index.php\/2021\/09\/09\/bonjour-tout-le-monde-2\/","title":{"rendered":"Retour de l&rsquo;audience avec la D\u00e9put\u00e9e HAMMERER"},"content":{"rendered":"\n<p class=\"has-drop-cap\">Avant tout nous souhaiterions avoir des retours sur l&rsquo;\u00e9tat&nbsp;d&rsquo;avancement de la loi autonomie. Nous avons appris avec beaucoup de d\u00e9ception qu&rsquo;en fin&nbsp;d&rsquo;ann\u00e9e derni\u00e8re cette loi a \u00e9t\u00e9 repouss\u00e9e en raison de son co\u00fbt, il semblerait que ce soit&nbsp;de nouveau&nbsp;le cas cet \u00e9t\u00e9.<br>Comme nous l&rsquo;avions d\u00e9j\u00e0 \u00e9voqu\u00e9 aupr\u00e8s de Mme FABRE, nous demeurons tr\u00e8s pr\u00e9occup\u00e9s par les effectifs des salari\u00e9s et agents des EHPAD mais aussi de ceux des \u00e9tablissements m\u00e9dico sociaux du handicap. Notre f\u00e9d\u00e9ration&nbsp;demande&nbsp;toujours un taux&nbsp;d&rsquo;encadrement&nbsp;d&rsquo;un agent par r\u00e9sident en EHPAD, pour l&rsquo;heure il semble que l&rsquo;atteinte de cet objectif est toujours au stade de la revendication. La crise sanitaire a mis \u00e0 rude \u00e9preuve les professionnels de ces \u00e9tablissements ce qui a pour cons\u00e9quence actuellement de compliquer les recrutements et de d\u00e9stabiliser l&rsquo;\u00e9quilibre financier d\u00e9j\u00e0 pr\u00e9caire de plusieurs de ces structures.&nbsp;<br>En premier lieu, nous souhaitons savoir si un effort de financement des personnels des \u00e9tablissements m\u00e9dico sociaux est pr\u00e9vu dans cette nouvelle loi autonomie ou par une autre voie (hors investissement\/reconstruction du plan de relance europ\u00e9en) et si des objectifs ont \u00e9t\u00e9 red\u00e9finis.<br>Nous restons pr\u00e9occup\u00e9s par l&rsquo;impact de la Covid 19 sur plusieurs EHPAD qui demeurent en difficult\u00e9 en 2021 avec des mesures de compensation des enveloppes&nbsp;d&rsquo;h\u00e9bergement qui ne couvrent que le premier trimestre 2021. Nous demandons \u00e0 ce que ces mesures de compensation puissent perdurer sur toute l&rsquo;ann\u00e9e 2021.<br>Le principe de la convergence tarifaire a \u00e9t\u00e9 gel\u00e9 ces derni\u00e8res ann\u00e9es pour les \u00e9tablissements qui subissent les effets n\u00e9gatifs or qu&rsquo;en est-il pour 2021 et les ann\u00e9es suivantes ? Nous demandons l&rsquo;annulation de cette mesure injuste qui reviendrait \u00e0 appauvrir des structures qui, quoi qu&rsquo;on en dise, n&rsquo;ont pas les effectifs suffisants pour prendre en charge convenablement leurs r\u00e9sidents.<br>Pour plusieurs structures m\u00e9dicosociales de Gironde, le prix de journ\u00e9e n&rsquo;a pas augment\u00e9 ce qui cr\u00e9e des difficult\u00e9s pour les \u00e9volutions de prix courantes comme l&rsquo;inflation \u00e9nerg\u00e9tiques et alimentaire par exemple. Est-ce que ce type de situation pourra \u00eatre amen\u00e9e \u00e0 \u00eatre r\u00e9solue ?<br>Concernant les USLD (Unit\u00e9 de Soin de Longue Dur\u00e9e), plusieurs de ces structures en Gironde sont en grande difficult\u00e9 (d\u00e9ficits abyssaux et manque de personnel). Nous consid\u00e9rons que ces situations sont \u00e0 la mesure des carences constat\u00e9es dans la prise en charge des personnes \u00e2g\u00e9es d\u00e9pendantes au m\u00eame titre que dans les EHPAD.&nbsp;D&rsquo;apr\u00e8s l&rsquo;ARS Aquitaine, un nouveau financement et un \u00e9largissement du type de public accueilli serait envisag\u00e9 au niveau national. Cela pose pour nous la question du devenir des services hospitaliers de m\u00e9decine par exemple si les USLD venaient \u00e0 accueillir un public plus jeune. Nous souhaitons donc conna\u00eetre les \u00e9volutions pr\u00e9conis\u00e9es pour les USLD et souhaitons que ces situations de difficult\u00e9 et de d\u00e9ficit puissent se r\u00e9soudre rapidement.<br>Les mesures du S\u00e9gur de la sant\u00e9 ont permis une \u00e9volution des salaires dans une partie des \u00e9tablissements sous statut FPH. Pour les \u00e9tablissements hospitaliers psychiatriques&nbsp;d&rsquo;Aquitaine qui d\u00e9pendent&nbsp;d&rsquo;un financement par DAF (Dotation Annuelle de Financement), il leur a \u00e9t\u00e9 indiqu\u00e9 qu&rsquo;une partie cons\u00e9quente de ces \u00e9volutions de salaire serait \u00e0 leur charge. Ces \u00e9tablissements sont de moins en moins bien dot\u00e9s chaque ann\u00e9e, pourtant leur r\u00f4le essentiel a \u00e9t\u00e9 mis en lumi\u00e8re par l&rsquo;augmentation du nombre de patients en grande partie en raison des cons\u00e9quences des diff\u00e9rents confinements et de la pand\u00e9mie. Cette non compensation des mesures salariales du S\u00e9gur de la Sant\u00e9 reviendrait \u00e0 supprimer des postes, ce qui est per\u00e7u comme une forme de sanction apport\u00e9e \u00e0 ces \u00e9tablissements et \u00e0 leurs personnels. Nous demandons donc \u00e0 ce que les mesures du S\u00e9gur puissent \u00eatre compens\u00e9es int\u00e9gralement comme dans tous les autres \u00e9tablissements sanitaires publics et priv\u00e9s.<br>Pour ce qui est des mesures salariales dans les \u00e9tablissements m\u00e9dico sociaux, nous continuons \u00e0 d\u00e9plorer que les \u00e9tablissements financ\u00e9s par les Conseils D\u00e9partementaux ne puissent pas b\u00e9n\u00e9ficier des mesures salariales du S\u00e9gur. Pourtant ces \u00e9tablissements comme le CDEF de la Gironde accomplissent un travail comparable aux personnels de certains services hospitaliers psychiatriques. Ne pas permettre aux professionnels param\u00e9dicaux de b\u00e9n\u00e9ficier des revalorisations de grilles rajoute de l&rsquo;incompr\u00e9hension et de la col\u00e8re \u00e0 des agents qui ne b\u00e9n\u00e9ficient pas de l&rsquo;augmentation de 183 euros appliqu\u00e9e dans tous les autres \u00e9tablissements de la FPH.&nbsp; Cela est&nbsp;d&rsquo;autant plus incompr\u00e9hensible que ces mesures sont compens\u00e9es par l&rsquo;Assurance Maladie dans tous les \u00e9tablissements sanitaires publics et priv\u00e9s ainsi que dans tous les EHPAD et partiellement dans les \u00e9tablissements m\u00e9dico sociaux autonomes hospitaliers.<br>Nous constatons \u00e9galement que les Etablissements Fran\u00e7ais du Sang et de nombreux cabinets de radiologie (pourtant int\u00e9gr\u00e9s physiquement dans des cliniques) sont exclus de ces revalorisations salariales. Les salari\u00e9s de ces \u00e9tablissements sont \u00e9galement extr\u00eamement m\u00e9contents de cet \u00e9tat de fait.&nbsp;<br>Pour finir nous souhaitons que notre coll\u00e8gue Christelle GRABARSKI, Secr\u00e9taire Adjointe du GD FO Sant\u00e9 33, agente dans une structure m\u00e9dicosociale publique du handicap puisse \u00eatre pr\u00e9sente lors de la visioconf\u00e9rence.<\/p>\n","protected":false},"excerpt":{"rendered":"<p>Avant tout nous souhaiterions avoir des retours sur l&rsquo;\u00e9tat&nbsp;d&rsquo;avancement de la loi autonomie. Nous avons appris avec beaucoup de d\u00e9ception qu&rsquo;en fin&nbsp;d&rsquo;ann\u00e9e derni\u00e8re cette loi a \u00e9t\u00e9 repouss\u00e9e en raison de son co\u00fbt, il semblerait que ce soit&nbsp;de nouveau&nbsp;le cas cet \u00e9t\u00e9.Comme nous l&rsquo;avions d\u00e9j\u00e0 \u00e9voqu\u00e9 aupr\u00e8s de Mme FABRE, nous demeurons tr\u00e8s pr\u00e9occup\u00e9s par &hellip; <\/p>\n<p><a class=\"more-link btn\" href=\"https:\/\/xn--gdfosant33-i7a.fr\/index.php\/2021\/09\/09\/bonjour-tout-le-monde-2\/\">Lire la suite<\/a><\/p>\n","protected":false},"author":3,"featured_media":1124,"comment_status":"open","ping_status":"open","sticky":false,"template":"","format":"standard","meta":{"ngg_post_thumbnail":0,"footnotes":""},"categories":[1],"tags":[],"_links":{"self":[{"href":"https:\/\/xn--gdfosant33-i7a.fr\/index.php\/wp-json\/wp\/v2\/posts\/1149"}],"collection":[{"href":"https:\/\/xn--gdfosant33-i7a.fr\/index.php\/wp-json\/wp\/v2\/posts"}],"about":[{"href":"https:\/\/xn--gdfosant33-i7a.fr\/index.php\/wp-json\/wp\/v2\/types\/post"}],"author":[{"embeddable":true,"href":"https:\/\/xn--gdfosant33-i7a.fr\/index.php\/wp-json\/wp\/v2\/users\/3"}],"replies":[{"embeddable":true,"href":"https:\/\/xn--gdfosant33-i7a.fr\/index.php\/wp-json\/wp\/v2\/comments?post=1149"}],"version-history":[{"count":1,"href":"https:\/\/xn--gdfosant33-i7a.fr\/index.php\/wp-json\/wp\/v2\/posts\/1149\/revisions"}],"predecessor-version":[{"id":1322,"href":"https:\/\/xn--gdfosant33-i7a.fr\/index.php\/wp-json\/wp\/v2\/posts\/1149\/revisions\/1322"}],"wp:featuredmedia":[{"embeddable":true,"href":"https:\/\/xn--gdfosant33-i7a.fr\/index.php\/wp-json\/wp\/v2\/media\/1124"}],"wp:attachment":[{"href":"https:\/\/xn--gdfosant33-i7a.fr\/index.php\/wp-json\/wp\/v2\/media?parent=1149"}],"wp:term":[{"taxonomy":"category","embeddable":true,"href":"https:\/\/xn--gdfosant33-i7a.fr\/index.php\/wp-json\/wp\/v2\/categories?post=1149"},{"taxonomy":"post_tag","embeddable":true,"href":"https:\/\/xn--gdfosant33-i7a.fr\/index.php\/wp-json\/wp\/v2\/tags?post=1149"}],"curies":[{"name":"wp","href":"https:\/\/api.w.org\/{rel}","templated":true}]}}